{"id":375,"date":"2014-05-21T07:48:45","date_gmt":"2014-05-21T06:48:45","guid":{"rendered":"http:\/\/www.karbon-servis.cz\/carbon\/?p=375"},"modified":"2015-03-04T09:07:18","modified_gmt":"2015-03-04T08:07:18","slug":"svazovani-vypletu","status":"publish","type":"post","link":"https:\/\/www.karbon-servis.cz\/carbon\/svazovani-vypletu\/","title":{"rendered":"Svazov\u00e1n\u00ed v\u00fdpletu"},"content":{"rendered":"<div class=\"fcbkbttn_buttons_block\" id=\"fcbkbttn_left\"><div class=\"fcbkbttn_button\">\n                            <a href=\"https:\/\/www.facebook.com\/\" target=\"_blank\">\n                                <img decoding=\"async\" src=\"https:\/\/www.karbon-servis.cz\/carbon\/wp-content\/plugins\/facebook-button-plugin\/images\/standard-facebook-ico.png\" alt=\"Fb-Button\" \/>\n                            <\/a>\n                        <\/div><div class=\"fcbkbttn_like \"><fb:like href=\"https:\/\/www.karbon-servis.cz\/carbon\/svazovani-vypletu\/\" action=\"like\" colorscheme=\"light\" layout=\"standard\"  width=\"225px\" size=\"small\"><\/fb:like><\/div><\/div><p><strong>\u00a0<\/strong><\/p>\n<p>Sv\u00e1z\u00e1n\u00edm v\u00fdpletu karbonov\u00fdm rovingem znateln\u011b zv\u00fd\u0161\u00edte pevnost Va\u0161ich zapleten\u00fdch kol.<\/p>\n<p>Vhodn\u00e9 pou\u017e\u00edt p\u0159edev\u0161\u00edm pro 29ti palcov\u00e1 kola a klasick\u00fd silni\u010dn\u00ed v\u00fdplet.<\/p>\n<p>Karbonov\u00fd roving je neuv\u011b\u0159iteln\u011b pevn\u00fd a p\u0159itom lehk\u00fd, n\u00e1r\u016fst hmotnosti maxim\u00e1ln\u011b\u00a0<strong>3-5 gram\u016f.<\/strong><\/p>\n<p>Doporu\u010dujeme sv\u00e1zat v\u00fdplet u zadn\u00edho kola na stran\u011b kazety z d\u016fvodu nejv\u011bt\u0161\u00edho zat\u00ed\u017een\u00ed p\u0159i z\u00e1b\u011bru,\u00a0u\u00a0p\u0159edn\u00edho kola pak na stran\u011b kotou\u010de.<\/p>\n<p>Kola po svazov\u00e1n\u00ed je mo\u017en\u00e9 samoz\u0159ejm\u011b b\u011b\u017en\u011b centrovat.<\/p>\n<p><strong>Cena svazov\u00e1n\u00ed<\/strong>\u00a0<em><strong>3<\/strong><strong><em>00<\/em>,- K\u010d<\/strong><\/em>\/ dv\u011b strany jednoho v\u00fdpletu<\/p>\n<p><a href=\"http:\/\/www.karbon-servis.cz\/carbon\/wp-content\/uploads\/2014\/05\/svaz_vypletu_web.jpg\" target=\"_blank\"><img loading=\"lazy\" decoding=\"async\" class=\"alignnone size-medium wp-image-376\" alt=\"sv\u00e1z\u00e1n\u00ed v\u00fdpletu\" src=\"http:\/\/www.karbon-servis.cz\/carbon\/wp-content\/uploads\/2014\/05\/svaz_vypletu_web-300x202.jpg\" width=\"300\" height=\"202\" srcset=\"https:\/\/www.karbon-servis.cz\/carbon\/wp-content\/uploads\/2014\/05\/svaz_vypletu_web-300x202.jpg 300w, https:\/\/www.karbon-servis.cz\/carbon\/wp-content\/uploads\/2014\/05\/svaz_vypletu_web.jpg 640w\" sizes=\"(max-width: 300px) 100vw, 300px\" \/><\/a>\u00a0 \u00a0\u00a0<a href=\"http:\/\/www.karbon-servis.cz\/carbon\/wp-content\/uploads\/2014\/05\/svaz_vypletu_web1.jpg\" target=\"_blank\"><img loading=\"lazy\" decoding=\"async\" class=\"alignnone size-medium wp-image-379\" alt=\"???????????????????????????????\" src=\"http:\/\/www.karbon-servis.cz\/carbon\/wp-content\/uploads\/2014\/05\/svaz_vypletu_web1-300x238.jpg\" width=\"300\" height=\"238\" srcset=\"https:\/\/www.karbon-servis.cz\/carbon\/wp-content\/uploads\/2014\/05\/svaz_vypletu_web1-300x238.jpg 300w, https:\/\/www.karbon-servis.cz\/carbon\/wp-content\/uploads\/2014\/05\/svaz_vypletu_web1.jpg 605w\" sizes=\"(max-width: 300px) 100vw, 300px\" \/><\/a><\/p>\n<p>&nbsp;<\/p>\n<p><a href=\"http:\/\/www.karbon-servis.cz\/carbon\/wp-content\/uploads\/2014\/05\/BMC.jpg\" target=\"_blank\"><img loading=\"lazy\" decoding=\"async\" class=\"alignnone size-medium wp-image-388\" alt=\"bajk J. Absolona BMC\" src=\"http:\/\/www.karbon-servis.cz\/carbon\/wp-content\/uploads\/2014\/05\/BMC-300x129.jpg\" width=\"300\" height=\"129\" srcset=\"https:\/\/www.karbon-servis.cz\/carbon\/wp-content\/uploads\/2014\/05\/BMC-300x129.jpg 300w, https:\/\/www.karbon-servis.cz\/carbon\/wp-content\/uploads\/2014\/05\/BMC-1024x440.jpg 1024w, https:\/\/www.karbon-servis.cz\/carbon\/wp-content\/uploads\/2014\/05\/BMC.jpg 1129w\" sizes=\"(max-width: 300px) 100vw, 300px\" \/><\/a><\/p>\n","protected":false},"excerpt":{"rendered":"<p>\u00a0 Sv\u00e1z\u00e1n\u00edm v\u00fdpletu karbonov\u00fdm rovingem znateln\u011b zv\u00fd\u0161\u00edte pevnost Va\u0161ich zapleten\u00fdch kol. Vhodn\u00e9 pou\u017e\u00edt p\u0159edev\u0161\u00edm pro 29ti palcov\u00e1 kola a klasick\u00fd silni\u010dn\u00ed v\u00fdplet. Karbonov\u00fd roving je neuv\u011b\u0159iteln\u011b pevn\u00fd a p\u0159itom lehk\u00fd, n\u00e1r\u016fst hmotnosti maxim\u00e1ln\u011b\u00a03-5 gram\u016f. Doporu\u010dujeme sv\u00e1zat v\u00fdplet u zadn\u00edho kola na stran\u011b kazety z d\u016fvodu nejv\u011bt\u0161\u00edho zat\u00ed\u017een\u00ed p\u0159i z\u00e1b\u011bru,\u00a0u\u00a0p\u0159edn\u00edho kola pak na stran\u011b kotou\u010de. Kola [&hellip;]<\/p>\n","protected":false},"author":2,"featured_media":0,"comment_status":"closed","ping_status":"open","sticky":false,"template":"","format":"standard","meta":{"ngg_post_thumbnail":0,"footnotes":""},"categories":[1],"tags":[],"aioseo_notices":[],"_links":{"self":[{"href":"https:\/\/www.karbon-servis.cz\/carbon\/wp-json\/wp\/v2\/posts\/375"}],"collection":[{"href":"https:\/\/www.karbon-servis.cz\/carbon\/wp-json\/wp\/v2\/posts"}],"about":[{"href":"https:\/\/www.karbon-servis.cz\/carbon\/wp-json\/wp\/v2\/types\/post"}],"author":[{"embeddable":true,"href":"https:\/\/www.karbon-servis.cz\/carbon\/wp-json\/wp\/v2\/users\/2"}],"replies":[{"embeddable":true,"href":"https:\/\/www.karbon-servis.cz\/carbon\/wp-json\/wp\/v2\/comments?post=375"}],"version-history":[{"count":0,"href":"https:\/\/www.karbon-servis.cz\/carbon\/wp-json\/wp\/v2\/posts\/375\/revisions"}],"wp:attachment":[{"href":"https:\/\/www.karbon-servis.cz\/carbon\/wp-json\/wp\/v2\/media?parent=375"}],"wp:term":[{"taxonomy":"category","embeddable":true,"href":"https:\/\/www.karbon-servis.cz\/carbon\/wp-json\/wp\/v2\/categories?post=375"},{"taxonomy":"post_tag","embeddable":true,"href":"https:\/\/www.karbon-servis.cz\/carbon\/wp-json\/wp\/v2\/tags?post=375"}],"curies":[{"name":"wp","href":"https:\/\/api.w.org\/{rel}","templated":true}]}}